{"id":1063,"date":"2021-10-21T12:43:25","date_gmt":"2021-10-21T10:43:25","guid":{"rendered":"http:\/\/stevefrontera.de\/?p=1063"},"modified":"2021-10-21T12:44:37","modified_gmt":"2021-10-21T10:44:37","slug":"baerbel","status":"publish","type":"post","link":"http:\/\/stevefrontera.de\/?p=1063","title":{"rendered":"B\u00e4rbel"},"content":{"rendered":"<p>B\u00e4rbel Bas soll Bundestagspr\u00e4sidentin werden. Herzlichen Gl\u00fcckwunsch! Ich werde ihr eine CD brennen und schenken, auf der zwanzigmal das Lied: &#8222;Ich bin so froh, dass ich ein M\u00e4dchen bin!&#8220; zu h\u00f6ren ist. F\u00fcr M\u00fctzenich, den Mann ohne M\u00fctze, werden wir auch noch ein einflussreiches P\u00f6stchen finden.<\/p>\n","protected":false},"excerpt":{"rendered":"<p>B\u00e4rbel Bas soll Bundestagspr\u00e4sidentin werden. Herzlichen Gl\u00fcckwunsch! Ich werde ihr eine CD brennen und schenken, auf der zwanzigmal das Lied: &#8222;Ich bin so froh, dass ich ein M\u00e4dchen bin!&#8220; zu h\u00f6ren ist. F\u00fcr M\u00fctzenich, den Mann ohne M\u00fctze, werden wir auch noch ein einflussreiches P\u00f6stchen finden.<\/p>\n","protected":false},"author":1,"featured_media":0,"comment_status":"open","ping_status":"open","sticky":false,"template":"","format":"standard","meta":[],"categories":[1],"tags":[],"_links":{"self":[{"href":"http:\/\/stevefrontera.de\/index.php?rest_route=\/wp\/v2\/posts\/1063"}],"collection":[{"href":"http:\/\/stevefrontera.de\/index.php?rest_route=\/wp\/v2\/posts"}],"about":[{"href":"http:\/\/stevefrontera.de\/index.php?rest_route=\/wp\/v2\/types\/post"}],"author":[{"embeddable":true,"href":"http:\/\/stevefrontera.de\/index.php?rest_route=\/wp\/v2\/users\/1"}],"replies":[{"embeddable":true,"href":"http:\/\/stevefrontera.de\/index.php?rest_route=%2Fwp%2Fv2%2Fcomments&post=1063"}],"version-history":[{"count":3,"href":"http:\/\/stevefrontera.de\/index.php?rest_route=\/wp\/v2\/posts\/1063\/revisions"}],"predecessor-version":[{"id":1066,"href":"http:\/\/stevefrontera.de\/index.php?rest_route=\/wp\/v2\/posts\/1063\/revisions\/1066"}],"wp:attachment":[{"href":"http:\/\/stevefrontera.de\/index.php?rest_route=%2Fwp%2Fv2%2Fmedia&parent=1063"}],"wp:term":[{"taxonomy":"category","embeddable":true,"href":"http:\/\/stevefrontera.de\/index.php?rest_route=%2Fwp%2Fv2%2Fcategories&post=1063"},{"taxonomy":"post_tag","embeddable":true,"href":"http:\/\/stevefrontera.de\/index.php?rest_route=%2Fwp%2Fv2%2Ftags&post=1063"}],"curies":[{"name":"wp","href":"https:\/\/api.w.org\/{rel}","templated":true}]}}