{"id":1106,"date":"2021-11-15T13:29:15","date_gmt":"2021-11-15T11:29:15","guid":{"rendered":"http:\/\/stevefrontera.de\/?p=1106"},"modified":"2021-11-15T13:30:06","modified_gmt":"2021-11-15T11:30:06","slug":"radio-eriwan","status":"publish","type":"post","link":"http:\/\/stevefrontera.de\/?p=1106","title":{"rendered":"Radio Eriwan"},"content":{"rendered":"<p>Frage an Radio Eriwan!<\/p>\n<p>Tr\u00e4gt die Tatsache ein Augsburger, also ein bayerischer Schwabe zu sein, dazu bei eine Pers\u00f6nlichkeitsspaltung zu entwickeln?<\/p>\n<p>Im Prinzip ja, sofern man ein H\u00e4usle, einen Mercedes und einen BMW haben m\u00f6chte und t\u00e4glich vier Ma\u00df Bier und eine Flasche Trollinger trinkt.<\/p>\n","protected":false},"excerpt":{"rendered":"<p>Frage an Radio Eriwan! Tr\u00e4gt die Tatsache ein Augsburger, also ein bayerischer Schwabe zu sein, dazu bei eine Pers\u00f6nlichkeitsspaltung zu entwickeln? Im Prinzip ja, sofern man ein H\u00e4usle, einen Mercedes und einen BMW haben m\u00f6chte und t\u00e4glich vier Ma\u00df Bier und eine Flasche Trollinger trinkt.<\/p>\n","protected":false},"author":1,"featured_media":0,"comment_status":"open","ping_status":"open","sticky":false,"template":"","format":"standard","meta":[],"categories":[1],"tags":[],"_links":{"self":[{"href":"http:\/\/stevefrontera.de\/index.php?rest_route=\/wp\/v2\/posts\/1106"}],"collection":[{"href":"http:\/\/stevefrontera.de\/index.php?rest_route=\/wp\/v2\/posts"}],"about":[{"href":"http:\/\/stevefrontera.de\/index.php?rest_route=\/wp\/v2\/types\/post"}],"author":[{"embeddable":true,"href":"http:\/\/stevefrontera.de\/index.php?rest_route=\/wp\/v2\/users\/1"}],"replies":[{"embeddable":true,"href":"http:\/\/stevefrontera.de\/index.php?rest_route=%2Fwp%2Fv2%2Fcomments&post=1106"}],"version-history":[{"count":2,"href":"http:\/\/stevefrontera.de\/index.php?rest_route=\/wp\/v2\/posts\/1106\/revisions"}],"predecessor-version":[{"id":1108,"href":"http:\/\/stevefrontera.de\/index.php?rest_route=\/wp\/v2\/posts\/1106\/revisions\/1108"}],"wp:attachment":[{"href":"http:\/\/stevefrontera.de\/index.php?rest_route=%2Fwp%2Fv2%2Fmedia&parent=1106"}],"wp:term":[{"taxonomy":"category","embeddable":true,"href":"http:\/\/stevefrontera.de\/index.php?rest_route=%2Fwp%2Fv2%2Fcategories&post=1106"},{"taxonomy":"post_tag","embeddable":true,"href":"http:\/\/stevefrontera.de\/index.php?rest_route=%2Fwp%2Fv2%2Ftags&post=1106"}],"curies":[{"name":"wp","href":"https:\/\/api.w.org\/{rel}","templated":true}]}}