{"id":1112,"date":"2022-01-04T14:57:03","date_gmt":"2022-01-04T12:57:03","guid":{"rendered":"http:\/\/stevefrontera.de\/?p=1112"},"modified":"2022-01-04T15:49:20","modified_gmt":"2022-01-04T13:49:20","slug":"was-boeses-ueber-die-neusaesser","status":"publish","type":"post","link":"http:\/\/stevefrontera.de\/?p=1112","title":{"rendered":"B\u00f6ses \u00fcber die Neus\u00e4\u00dfer"},"content":{"rendered":"<p>Die Neus\u00e4\u00dfer t\u00fcnchen ihre Fassaden mit derart grellen Farben, dass ich das Bed\u00fcrfnis habe, an einem tr\u00fcben Januartag eine Sonnenbrille aufzusetzen<\/p>\n<p>&nbsp;<\/p>\n","protected":false},"excerpt":{"rendered":"<p>Die Neus\u00e4\u00dfer t\u00fcnchen ihre Fassaden mit derart grellen Farben, dass ich das Bed\u00fcrfnis habe, an einem tr\u00fcben Januartag eine Sonnenbrille aufzusetzen &nbsp;<\/p>\n","protected":false},"author":1,"featured_media":0,"comment_status":"open","ping_status":"open","sticky":false,"template":"","format":"standard","meta":[],"categories":[1],"tags":[],"_links":{"self":[{"href":"http:\/\/stevefrontera.de\/index.php?rest_route=\/wp\/v2\/posts\/1112"}],"collection":[{"href":"http:\/\/stevefrontera.de\/index.php?rest_route=\/wp\/v2\/posts"}],"about":[{"href":"http:\/\/stevefrontera.de\/index.php?rest_route=\/wp\/v2\/types\/post"}],"author":[{"embeddable":true,"href":"http:\/\/stevefrontera.de\/index.php?rest_route=\/wp\/v2\/users\/1"}],"replies":[{"embeddable":true,"href":"http:\/\/stevefrontera.de\/index.php?rest_route=%2Fwp%2Fv2%2Fcomments&post=1112"}],"version-history":[{"count":2,"href":"http:\/\/stevefrontera.de\/index.php?rest_route=\/wp\/v2\/posts\/1112\/revisions"}],"predecessor-version":[{"id":1116,"href":"http:\/\/stevefrontera.de\/index.php?rest_route=\/wp\/v2\/posts\/1112\/revisions\/1116"}],"wp:attachment":[{"href":"http:\/\/stevefrontera.de\/index.php?rest_route=%2Fwp%2Fv2%2Fmedia&parent=1112"}],"wp:term":[{"taxonomy":"category","embeddable":true,"href":"http:\/\/stevefrontera.de\/index.php?rest_route=%2Fwp%2Fv2%2Fcategories&post=1112"},{"taxonomy":"post_tag","embeddable":true,"href":"http:\/\/stevefrontera.de\/index.php?rest_route=%2Fwp%2Fv2%2Ftags&post=1112"}],"curies":[{"name":"wp","href":"https:\/\/api.w.org\/{rel}","templated":true}]}}