{"id":1124,"date":"2022-01-05T15:48:03","date_gmt":"2022-01-05T13:48:03","guid":{"rendered":"http:\/\/stevefrontera.de\/?p=1124"},"modified":"2022-01-05T15:48:03","modified_gmt":"2022-01-05T13:48:03","slug":"sozi-ologie","status":"publish","type":"post","link":"http:\/\/stevefrontera.de\/?p=1124","title":{"rendered":"Sozi ologie"},"content":{"rendered":"<p>Manchmal werde ich gefragt, weshalb ich Soziologie studiert hatte. Zun\u00e4chst hatte ich keine plausible Antwort. Aber ich habe st\u00e4ndig das Gef\u00fchl, dass entweder mit mir oder der Gesellschaft etwas nicht stimmt.<\/p>\n","protected":false},"excerpt":{"rendered":"<p>Manchmal werde ich gefragt, weshalb ich Soziologie studiert hatte. Zun\u00e4chst hatte ich keine plausible Antwort. Aber ich habe st\u00e4ndig das Gef\u00fchl, dass entweder mit mir oder der Gesellschaft etwas nicht stimmt.<\/p>\n","protected":false},"author":1,"featured_media":0,"comment_status":"open","ping_status":"open","sticky":false,"template":"","format":"standard","meta":[],"categories":[1],"tags":[],"_links":{"self":[{"href":"http:\/\/stevefrontera.de\/index.php?rest_route=\/wp\/v2\/posts\/1124"}],"collection":[{"href":"http:\/\/stevefrontera.de\/index.php?rest_route=\/wp\/v2\/posts"}],"about":[{"href":"http:\/\/stevefrontera.de\/index.php?rest_route=\/wp\/v2\/types\/post"}],"author":[{"embeddable":true,"href":"http:\/\/stevefrontera.de\/index.php?rest_route=\/wp\/v2\/users\/1"}],"replies":[{"embeddable":true,"href":"http:\/\/stevefrontera.de\/index.php?rest_route=%2Fwp%2Fv2%2Fcomments&post=1124"}],"version-history":[{"count":1,"href":"http:\/\/stevefrontera.de\/index.php?rest_route=\/wp\/v2\/posts\/1124\/revisions"}],"predecessor-version":[{"id":1125,"href":"http:\/\/stevefrontera.de\/index.php?rest_route=\/wp\/v2\/posts\/1124\/revisions\/1125"}],"wp:attachment":[{"href":"http:\/\/stevefrontera.de\/index.php?rest_route=%2Fwp%2Fv2%2Fmedia&parent=1124"}],"wp:term":[{"taxonomy":"category","embeddable":true,"href":"http:\/\/stevefrontera.de\/index.php?rest_route=%2Fwp%2Fv2%2Fcategories&post=1124"},{"taxonomy":"post_tag","embeddable":true,"href":"http:\/\/stevefrontera.de\/index.php?rest_route=%2Fwp%2Fv2%2Ftags&post=1124"}],"curies":[{"name":"wp","href":"https:\/\/api.w.org\/{rel}","templated":true}]}}