{"id":1131,"date":"2022-02-05T16:00:06","date_gmt":"2022-02-05T14:00:06","guid":{"rendered":"http:\/\/stevefrontera.de\/?p=1131"},"modified":"2022-02-05T16:00:06","modified_gmt":"2022-02-05T14:00:06","slug":"moos-und-wasser","status":"publish","type":"post","link":"http:\/\/stevefrontera.de\/?p=1131","title":{"rendered":"Moos und Wasser"},"content":{"rendered":"<p>Maderquelle, Moderquelle<\/p>\n<p>Moos und Wasser<\/p>\n<p>Da sein und dasitzen<\/p>\n<p>einfach nur sein<\/p>\n<p>kein Werden, kein gewesen, einfach nur sein<\/p>\n<p>kein m\u00fcssen, kein d\u00fcrfen, kein k\u00f6nnen<\/p>\n<p>einfach nur sein<\/p>\n","protected":false},"excerpt":{"rendered":"<p>Maderquelle, Moderquelle Moos und Wasser Da sein und dasitzen einfach nur sein kein Werden, kein gewesen, einfach nur sein kein m\u00fcssen, kein d\u00fcrfen, kein k\u00f6nnen einfach nur sein<\/p>\n","protected":false},"author":1,"featured_media":0,"comment_status":"open","ping_status":"open","sticky":false,"template":"","format":"standard","meta":[],"categories":[1],"tags":[],"_links":{"self":[{"href":"http:\/\/stevefrontera.de\/index.php?rest_route=\/wp\/v2\/posts\/1131"}],"collection":[{"href":"http:\/\/stevefrontera.de\/index.php?rest_route=\/wp\/v2\/posts"}],"about":[{"href":"http:\/\/stevefrontera.de\/index.php?rest_route=\/wp\/v2\/types\/post"}],"author":[{"embeddable":true,"href":"http:\/\/stevefrontera.de\/index.php?rest_route=\/wp\/v2\/users\/1"}],"replies":[{"embeddable":true,"href":"http:\/\/stevefrontera.de\/index.php?rest_route=%2Fwp%2Fv2%2Fcomments&post=1131"}],"version-history":[{"count":1,"href":"http:\/\/stevefrontera.de\/index.php?rest_route=\/wp\/v2\/posts\/1131\/revisions"}],"predecessor-version":[{"id":1132,"href":"http:\/\/stevefrontera.de\/index.php?rest_route=\/wp\/v2\/posts\/1131\/revisions\/1132"}],"wp:attachment":[{"href":"http:\/\/stevefrontera.de\/index.php?rest_route=%2Fwp%2Fv2%2Fmedia&parent=1131"}],"wp:term":[{"taxonomy":"category","embeddable":true,"href":"http:\/\/stevefrontera.de\/index.php?rest_route=%2Fwp%2Fv2%2Fcategories&post=1131"},{"taxonomy":"post_tag","embeddable":true,"href":"http:\/\/stevefrontera.de\/index.php?rest_route=%2Fwp%2Fv2%2Ftags&post=1131"}],"curies":[{"name":"wp","href":"https:\/\/api.w.org\/{rel}","templated":true}]}}