{"id":1139,"date":"2022-03-21T16:41:56","date_gmt":"2022-03-21T14:41:56","guid":{"rendered":"http:\/\/stevefrontera.de\/?p=1139"},"modified":"2022-03-21T16:41:56","modified_gmt":"2022-03-21T14:41:56","slug":"descartes","status":"publish","type":"post","link":"http:\/\/stevefrontera.de\/?p=1139","title":{"rendered":"Descartes"},"content":{"rendered":"<p>Wenn ich im gleichen Jahr wie Rene Descartes, er starb mit 54, geboren w\u00e4re, w\u00fcrde ich nicht mehr denken, aber ich w\u00fcrde mir einbilden zu denken. (umgangssprachlicher bayerischer Konjunktiv)<\/p>\n","protected":false},"excerpt":{"rendered":"<p>Wenn ich im gleichen Jahr wie Rene Descartes, er starb mit 54, geboren w\u00e4re, w\u00fcrde ich nicht mehr denken, aber ich w\u00fcrde mir einbilden zu denken. (umgangssprachlicher bayerischer Konjunktiv)<\/p>\n","protected":false},"author":1,"featured_media":0,"comment_status":"open","ping_status":"open","sticky":false,"template":"","format":"standard","meta":[],"categories":[1],"tags":[],"_links":{"self":[{"href":"http:\/\/stevefrontera.de\/index.php?rest_route=\/wp\/v2\/posts\/1139"}],"collection":[{"href":"http:\/\/stevefrontera.de\/index.php?rest_route=\/wp\/v2\/posts"}],"about":[{"href":"http:\/\/stevefrontera.de\/index.php?rest_route=\/wp\/v2\/types\/post"}],"author":[{"embeddable":true,"href":"http:\/\/stevefrontera.de\/index.php?rest_route=\/wp\/v2\/users\/1"}],"replies":[{"embeddable":true,"href":"http:\/\/stevefrontera.de\/index.php?rest_route=%2Fwp%2Fv2%2Fcomments&post=1139"}],"version-history":[{"count":1,"href":"http:\/\/stevefrontera.de\/index.php?rest_route=\/wp\/v2\/posts\/1139\/revisions"}],"predecessor-version":[{"id":1140,"href":"http:\/\/stevefrontera.de\/index.php?rest_route=\/wp\/v2\/posts\/1139\/revisions\/1140"}],"wp:attachment":[{"href":"http:\/\/stevefrontera.de\/index.php?rest_route=%2Fwp%2Fv2%2Fmedia&parent=1139"}],"wp:term":[{"taxonomy":"category","embeddable":true,"href":"http:\/\/stevefrontera.de\/index.php?rest_route=%2Fwp%2Fv2%2Fcategories&post=1139"},{"taxonomy":"post_tag","embeddable":true,"href":"http:\/\/stevefrontera.de\/index.php?rest_route=%2Fwp%2Fv2%2Ftags&post=1139"}],"curies":[{"name":"wp","href":"https:\/\/api.w.org\/{rel}","templated":true}]}}