{"id":1142,"date":"2022-03-31T20:45:06","date_gmt":"2022-03-31T18:45:06","guid":{"rendered":"http:\/\/stevefrontera.de\/?p=1142"},"modified":"2022-03-31T20:48:53","modified_gmt":"2022-03-31T18:48:53","slug":"geschichte-von-khalil-gibran-und-fortsetzung-von-steve-frontera","status":"publish","type":"post","link":"http:\/\/stevefrontera.de\/?p=1142","title":{"rendered":"Geschichte  von Khalil Gibran und Fortsetzung von Steve Frontera"},"content":{"rendered":"<p>&nbsp;<\/p>\n<table>\n<tbody>\n<tr>\n<td><strong>Eine Auster sagte zu ihrer Nachbarin:<\/strong><\/td>\n<\/tr>\n<tr>\n<td><strong>Ich sp\u00fcre einen gro\u00dfen Schmerz in meinem Innern.<\/strong><\/td>\n<\/tr>\n<tr>\n<td><strong>Er ist schwer und rund und plagt mich sehr.&#8220;<\/strong><\/td>\n<\/tr>\n<tr>\n<td><strong>Die andere Auster erwiderte darauf selbstgef\u00e4llig:<\/strong><\/td>\n<\/tr>\n<tr>\n<td><strong>&#8222;Dank dem Himmel und dem Meer,<\/strong><\/td>\n<\/tr>\n<tr>\n<td><strong>dass ich in mir gar keinen Schmerz versp\u00fcre.<\/strong><\/td>\n<\/tr>\n<tr>\n<td><strong>Ich f\u00fchl&#8216; mich wohl und ganz,<\/strong><\/td>\n<\/tr>\n<tr>\n<td><strong>im Innern wie im Au\u00dfen.&#8220;<\/strong><\/td>\n<\/tr>\n<tr>\n<td><strong>\u00a0<\/strong><\/td>\n<\/tr>\n<tr>\n<td><strong>Derweil kam ein Krebs vorbei und<\/strong><\/td>\n<\/tr>\n<tr>\n<td><strong>h\u00f6rte die Unterhaltung der beiden Austern.<\/strong><\/td>\n<\/tr>\n<tr>\n<td><\/td>\n<\/tr>\n<tr>\n<td><strong>Zu der, welche sich r\u00fchmte,<\/strong><\/td>\n<\/tr>\n<tr>\n<td><strong>im Innern wie im Au\u00dfen wohl und ganz zu sein, sagte er:<\/strong><\/td>\n<\/tr>\n<tr>\n<td><strong>&#8220; Ja, Dir geht es gut und -Du bist wohl und ganz.<\/strong><\/td>\n<\/tr>\n<tr>\n<td><strong>Aber wisse: der Schmerz, den Deine Nachbarin ertr\u00e4gt,<\/strong><\/td>\n<\/tr>\n<tr>\n<td><strong>r\u00fchrt von einer Perle her, die au\u00dferordentlich sch\u00f6n ist.\u201c<\/strong><\/p>\n<p>&nbsp;<\/p>\n<p><strong>Da kam ein gro\u00dfes M\u00e4dchen, eine Pauschaltouristin aus Stuttgart, und verspeiste beide Austern. Vor allem die Perle lag unserem M\u00e4dchen schwer im Magen, sie hielt sie f\u00e4lschlicherweise f\u00fcr einen Gallenstein. Der Doktor Salomon f\u00fchrte eine Ultraschalluntersuchung und erkannte die Perle auf Anhieb. Das M\u00e4dchen freute sich riesig, nachdem die Perle nach drei Tagen rektal wieder ausgeschieden wurde. Nun war das M\u00e4dchen nicht nur gro\u00df, sondern auch noch reich.<\/strong><\/td>\n<\/tr>\n<\/tbody>\n<\/table>\n","protected":false},"excerpt":{"rendered":"<p>&nbsp; Eine Auster sagte zu ihrer Nachbarin: Ich sp\u00fcre einen gro\u00dfen Schmerz in meinem Innern. Er ist schwer und rund und plagt mich sehr.&#8220; Die andere Auster erwiderte darauf selbstgef\u00e4llig: &#8222;Dank dem Himmel und dem Meer, dass ich in mir gar keinen Schmerz versp\u00fcre. Ich f\u00fchl&#8216; mich wohl und ganz, im Innern wie im Au\u00dfen.&#8220; &hellip; <a href=\"http:\/\/stevefrontera.de\/?p=1142\" class=\"more-link\"><span class=\"screen-reader-text\">Geschichte  von Khalil Gibran und Fortsetzung von Steve Frontera<\/span> weiterlesen <span class=\"meta-nav\">&rarr;<\/span><\/a><\/p>\n","protected":false},"author":1,"featured_media":0,"comment_status":"open","ping_status":"open","sticky":false,"template":"","format":"standard","meta":[],"categories":[1],"tags":[],"_links":{"self":[{"href":"http:\/\/stevefrontera.de\/index.php?rest_route=\/wp\/v2\/posts\/1142"}],"collection":[{"href":"http:\/\/stevefrontera.de\/index.php?rest_route=\/wp\/v2\/posts"}],"about":[{"href":"http:\/\/stevefrontera.de\/index.php?rest_route=\/wp\/v2\/types\/post"}],"author":[{"embeddable":true,"href":"http:\/\/stevefrontera.de\/index.php?rest_route=\/wp\/v2\/users\/1"}],"replies":[{"embeddable":true,"href":"http:\/\/stevefrontera.de\/index.php?rest_route=%2Fwp%2Fv2%2Fcomments&post=1142"}],"version-history":[{"count":2,"href":"http:\/\/stevefrontera.de\/index.php?rest_route=\/wp\/v2\/posts\/1142\/revisions"}],"predecessor-version":[{"id":1144,"href":"http:\/\/stevefrontera.de\/index.php?rest_route=\/wp\/v2\/posts\/1142\/revisions\/1144"}],"wp:attachment":[{"href":"http:\/\/stevefrontera.de\/index.php?rest_route=%2Fwp%2Fv2%2Fmedia&parent=1142"}],"wp:term":[{"taxonomy":"category","embeddable":true,"href":"http:\/\/stevefrontera.de\/index.php?rest_route=%2Fwp%2Fv2%2Fcategories&post=1142"},{"taxonomy":"post_tag","embeddable":true,"href":"http:\/\/stevefrontera.de\/index.php?rest_route=%2Fwp%2Fv2%2Ftags&post=1142"}],"curies":[{"name":"wp","href":"https:\/\/api.w.org\/{rel}","templated":true}]}}