{"id":1146,"date":"2022-07-31T15:15:27","date_gmt":"2022-07-31T13:15:27","guid":{"rendered":"http:\/\/stevefrontera.de\/?p=1146"},"modified":"2022-07-31T20:46:39","modified_gmt":"2022-07-31T18:46:39","slug":"glanz","status":"publish","type":"post","link":"http:\/\/stevefrontera.de\/?p=1146","title":{"rendered":"Glanz"},"content":{"rendered":"<p>Zitat Khalil Gibran:<\/p>\n<p>&#8222;Die Engel sind der Schlauen \u00fcberdr\u00fcssig. Erst gestern sagte einer von ihnen zu mir:<br \/>\nWir schufen die H\u00f6lle f\u00fcr diejenigen, die glitzern und gl\u00e4nzen.&#8220;<\/p>\n<p>Gedicht von Steve Frontera<\/p>\n<p>Oh Glanzeswelt du machst mich traurig<\/p>\n<p>Denn ich kann nicht sein wie du<\/p>\n<p>Fassaden, W\u00e4nde, Boden<\/p>\n<p>Alles das muss gl\u00e4nzen<\/p>\n<p>Doch wie\u00b4 s in meiner Seele aussieht<\/p>\n<p>Daf\u00fcr interessiert \u00a0sich \u00a0keiner<\/p>\n<p>Es ist der Schein der Ordnung \u00fcberall<\/p>\n<p>Der mich so faul und schlampig macht<\/p>\n<p>&nbsp;<\/p>\n","protected":false},"excerpt":{"rendered":"<p>Zitat Khalil Gibran: &#8222;Die Engel sind der Schlauen \u00fcberdr\u00fcssig. Erst gestern sagte einer von ihnen zu mir: Wir schufen die H\u00f6lle f\u00fcr diejenigen, die glitzern und gl\u00e4nzen.&#8220; Gedicht von Steve Frontera Oh Glanzeswelt du machst mich traurig Denn ich kann nicht sein wie du Fassaden, W\u00e4nde, Boden Alles das muss gl\u00e4nzen Doch wie\u00b4 s in &hellip; <a href=\"http:\/\/stevefrontera.de\/?p=1146\" class=\"more-link\"><span class=\"screen-reader-text\">Glanz<\/span> weiterlesen <span class=\"meta-nav\">&rarr;<\/span><\/a><\/p>\n","protected":false},"author":1,"featured_media":0,"comment_status":"open","ping_status":"open","sticky":false,"template":"","format":"standard","meta":[],"categories":[1],"tags":[],"_links":{"self":[{"href":"http:\/\/stevefrontera.de\/index.php?rest_route=\/wp\/v2\/posts\/1146"}],"collection":[{"href":"http:\/\/stevefrontera.de\/index.php?rest_route=\/wp\/v2\/posts"}],"about":[{"href":"http:\/\/stevefrontera.de\/index.php?rest_route=\/wp\/v2\/types\/post"}],"author":[{"embeddable":true,"href":"http:\/\/stevefrontera.de\/index.php?rest_route=\/wp\/v2\/users\/1"}],"replies":[{"embeddable":true,"href":"http:\/\/stevefrontera.de\/index.php?rest_route=%2Fwp%2Fv2%2Fcomments&post=1146"}],"version-history":[{"count":2,"href":"http:\/\/stevefrontera.de\/index.php?rest_route=\/wp\/v2\/posts\/1146\/revisions"}],"predecessor-version":[{"id":1148,"href":"http:\/\/stevefrontera.de\/index.php?rest_route=\/wp\/v2\/posts\/1146\/revisions\/1148"}],"wp:attachment":[{"href":"http:\/\/stevefrontera.de\/index.php?rest_route=%2Fwp%2Fv2%2Fmedia&parent=1146"}],"wp:term":[{"taxonomy":"category","embeddable":true,"href":"http:\/\/stevefrontera.de\/index.php?rest_route=%2Fwp%2Fv2%2Fcategories&post=1146"},{"taxonomy":"post_tag","embeddable":true,"href":"http:\/\/stevefrontera.de\/index.php?rest_route=%2Fwp%2Fv2%2Ftags&post=1146"}],"curies":[{"name":"wp","href":"https:\/\/api.w.org\/{rel}","templated":true}]}}