{"id":1235,"date":"2023-01-21T13:43:41","date_gmt":"2023-01-21T11:43:41","guid":{"rendered":"http:\/\/stevefrontera.de\/?p=1235"},"modified":"2023-01-21T13:46:48","modified_gmt":"2023-01-21T11:46:48","slug":"1235","status":"publish","type":"post","link":"http:\/\/stevefrontera.de\/?p=1235","title":{"rendered":"Politik mal kompliziert"},"content":{"rendered":"<p>Man soll jetzt wieder \u00f6fter den Waschlappen benutzen, sagt der Kretschmann. Naja, wenns der Minischterpr\u00e4sident von Baden und W\u00fcrttemberg sagt!\u00a0 Wenn s aber der Chrupalla gsagt h\u00e4tt, d\u00e4d i s aber grad erscht recht\u00a0 net macha.<\/p>\n","protected":false},"excerpt":{"rendered":"<p>Man soll jetzt wieder \u00f6fter den Waschlappen benutzen, sagt der Kretschmann. Naja, wenns der Minischterpr\u00e4sident von Baden und W\u00fcrttemberg sagt!\u00a0 Wenn s aber der Chrupalla gsagt h\u00e4tt, d\u00e4d i s aber grad erscht recht\u00a0 net macha.<\/p>\n","protected":false},"author":1,"featured_media":0,"comment_status":"open","ping_status":"open","sticky":false,"template":"","format":"standard","meta":[],"categories":[1],"tags":[],"_links":{"self":[{"href":"http:\/\/stevefrontera.de\/index.php?rest_route=\/wp\/v2\/posts\/1235"}],"collection":[{"href":"http:\/\/stevefrontera.de\/index.php?rest_route=\/wp\/v2\/posts"}],"about":[{"href":"http:\/\/stevefrontera.de\/index.php?rest_route=\/wp\/v2\/types\/post"}],"author":[{"embeddable":true,"href":"http:\/\/stevefrontera.de\/index.php?rest_route=\/wp\/v2\/users\/1"}],"replies":[{"embeddable":true,"href":"http:\/\/stevefrontera.de\/index.php?rest_route=%2Fwp%2Fv2%2Fcomments&post=1235"}],"version-history":[{"count":4,"href":"http:\/\/stevefrontera.de\/index.php?rest_route=\/wp\/v2\/posts\/1235\/revisions"}],"predecessor-version":[{"id":1239,"href":"http:\/\/stevefrontera.de\/index.php?rest_route=\/wp\/v2\/posts\/1235\/revisions\/1239"}],"wp:attachment":[{"href":"http:\/\/stevefrontera.de\/index.php?rest_route=%2Fwp%2Fv2%2Fmedia&parent=1235"}],"wp:term":[{"taxonomy":"category","embeddable":true,"href":"http:\/\/stevefrontera.de\/index.php?rest_route=%2Fwp%2Fv2%2Fcategories&post=1235"},{"taxonomy":"post_tag","embeddable":true,"href":"http:\/\/stevefrontera.de\/index.php?rest_route=%2Fwp%2Fv2%2Ftags&post=1235"}],"curies":[{"name":"wp","href":"https:\/\/api.w.org\/{rel}","templated":true}]}}