{"id":1285,"date":"2023-05-16T18:10:30","date_gmt":"2023-05-16T16:10:30","guid":{"rendered":"http:\/\/stevefrontera.de\/?p=1285"},"modified":"2023-05-16T18:19:52","modified_gmt":"2023-05-16T16:19:52","slug":"meran","status":"publish","type":"post","link":"http:\/\/stevefrontera.de\/?p=1285","title":{"rendered":"Spa\u00dfgedicht"},"content":{"rendered":"\n<p>Die Stra\u00dfe riecht nach Teer<\/p>\n\n\n\n<p>Mein Herz ist heute schwer<\/p>\n\n\n\n<p>&nbsp;Ich f\u00fchl mich innerlich so leer&nbsp;<\/p>\n\n\n\n<p>Einsam Ich sitze ich daheim<\/p>\n\n\n\n<p>Mir f\u00e4llt nichts gescheites ein &nbsp;<\/p>\n\n\n\n<p>Was reimt sich denn auf unsre Impressionen<\/p>\n\n\n\n<p>Na klar, &nbsp;habe heute &nbsp;wieder Depressionen<\/p>\n\n\n\n<p>Meine Depression kommt von der Repression<\/p>\n\n\n\n<p>Nicht selten w\u00fcnscht man sich die Inklusion.<\/p>\n\n\n\n<p>Denn Ich bin auf meine seltene Art ein Depp<\/p>\n\n\n\n<p>Und hei\u00dfe nicht mal Sepp<\/p>\n\n\n\n<p>Der bekannteste Depp der Welt hei\u00dft Johnny<\/p>\n\n\n\n<p>Im Osten hei\u00dfen viele Deppen Ronny<\/p>\n\n\n\n<p>Beim Johnny Depp und seiner Jenny hats gekracht<\/p>\n\n\n\n<p>Die halbe Welt dar\u00fcber herzlich lacht<\/p>\n\n\n\n<p>Ich bin leider nur in Neus\u00e4\u00df wohlbekannt<\/p>\n\n\n\n<p>Bin mit vielen Leuten dort verwandt<\/p>\n\n\n\n<p>Ich hab jetzt eine Maja an der Seite<\/p>\n\n\n\n<p>Unter der ich schrecklich leide<\/p>\n\n\n\n<p>Ich hoffe mir geht\u2019s mit ihr nicht wie dem Johnny Depp<\/p>\n\n\n\n<p>Sondern eher wie dem FC Bayern Meier Sepp<\/p>\n\n\n\n<p>Der spielt mich 80 noch besser Tennis als mein Vater<\/p>\n\n\n\n<p>Und Gar lustig ist sein Spa\u00dfgelaber &nbsp;&nbsp;&nbsp;<\/p>\n\n\n\n<p><\/p>\n","protected":false},"excerpt":{"rendered":"<p>Die Stra\u00dfe riecht nach Teer Mein Herz ist heute schwer &nbsp;Ich f\u00fchl mich innerlich so leer&nbsp; Einsam Ich sitze ich daheim Mir f\u00e4llt nichts gescheites ein &nbsp; Was reimt sich denn auf unsre Impressionen Na klar, &nbsp;habe heute &nbsp;wieder Depressionen Meine Depression kommt von der Repression Nicht selten w\u00fcnscht man sich die Inklusion. Denn Ich &hellip; <a href=\"http:\/\/stevefrontera.de\/?p=1285\" class=\"more-link\"><span class=\"screen-reader-text\">Spa\u00dfgedicht<\/span> weiterlesen <span class=\"meta-nav\">&rarr;<\/span><\/a><\/p>\n","protected":false},"author":1,"featured_media":0,"comment_status":"open","ping_status":"open","sticky":false,"template":"","format":"standard","meta":[],"categories":[1],"tags":[],"_links":{"self":[{"href":"http:\/\/stevefrontera.de\/index.php?rest_route=\/wp\/v2\/posts\/1285"}],"collection":[{"href":"http:\/\/stevefrontera.de\/index.php?rest_route=\/wp\/v2\/posts"}],"about":[{"href":"http:\/\/stevefrontera.de\/index.php?rest_route=\/wp\/v2\/types\/post"}],"author":[{"embeddable":true,"href":"http:\/\/stevefrontera.de\/index.php?rest_route=\/wp\/v2\/users\/1"}],"replies":[{"embeddable":true,"href":"http:\/\/stevefrontera.de\/index.php?rest_route=%2Fwp%2Fv2%2Fcomments&post=1285"}],"version-history":[{"count":3,"href":"http:\/\/stevefrontera.de\/index.php?rest_route=\/wp\/v2\/posts\/1285\/revisions"}],"predecessor-version":[{"id":1293,"href":"http:\/\/stevefrontera.de\/index.php?rest_route=\/wp\/v2\/posts\/1285\/revisions\/1293"}],"wp:attachment":[{"href":"http:\/\/stevefrontera.de\/index.php?rest_route=%2Fwp%2Fv2%2Fmedia&parent=1285"}],"wp:term":[{"taxonomy":"category","embeddable":true,"href":"http:\/\/stevefrontera.de\/index.php?rest_route=%2Fwp%2Fv2%2Fcategories&post=1285"},{"taxonomy":"post_tag","embeddable":true,"href":"http:\/\/stevefrontera.de\/index.php?rest_route=%2Fwp%2Fv2%2Ftags&post=1285"}],"curies":[{"name":"wp","href":"https:\/\/api.w.org\/{rel}","templated":true}]}}