{"id":1336,"date":"2025-05-12T12:48:21","date_gmt":"2025-05-12T10:48:21","guid":{"rendered":"http:\/\/stevefrontera.de\/?p=1336"},"modified":"2025-05-12T12:52:01","modified_gmt":"2025-05-12T10:52:01","slug":"seppel-seppel","status":"publish","type":"post","link":"http:\/\/stevefrontera.de\/?p=1336","title":{"rendered":"Seppel, Seppel"},"content":{"rendered":"\n<h2 class=\"wp-block-heading\"><\/h2>\n\n\n\n<p><\/p>\n\n\n\n<p><\/p>\n\n\n\n<p>&nbsp;Ein Familiendrama mit &nbsp;Josef Klein, &nbsp;Finanzbeamter, Hauptsekret\u00e4r, im mittleren Dienst und seiner 16 j\u00e4hrigen Stieftochter Lara<\/p>\n\n\n\n<p>Seppel Seppel<\/p>\n\n\n\n<p>Kauf mir war von Apple<\/p>\n\n\n\n<p>Das Chatten ist mein t\u00e4glich Ritual<\/p>\n\n\n\n<p>Doch langsam wird es mir zur Qual<\/p>\n\n\n\n<p>Jetzt war auch noch der Speicher voll<\/p>\n\n\n\n<p>Darauf schrie ich gestern voller Groll<\/p>\n\n\n\n<p>Deswegen habe ich auch stark gezittert<\/p>\n\n\n\n<p>Nun ist das Display ganz zersplittert<\/p>\n\n\n\n<p>Seppel Seppel,<\/p>\n\n\n\n<p>Kauf mir was von Apple<\/p>\n\n\n\n<p>Der Seppel spricht:<\/p>\n\n\n\n<p>&nbsp;M\u00e4dle<\/p>\n\n\n\n<p>Du machsch mi langsam hi<\/p>\n\n\n\n<p>Kauf dir lieber ein Schau mi<\/p>\n\n\n\n<p>Oder frag doch lieber deine Omi<\/p>\n\n\n\n<p>Die gibt dir bestimmt Geld f\u00fcr ein Xia Omi<\/p>\n\n\n\n<p>Nein, dem I Phone erweis ich Huld und Ehren<\/p>\n\n\n\n<p>Sinnlos sind die Versuche mich zu begehren<\/p>\n\n\n\n<p>Ein Xia Omi mag ich nicht<\/p>\n\n\n\n<p>Ich mag kein Schau mi nicht<\/p>\n\n\n\n<p>Seppel, Seppel kauf mir was von Apple<\/p>\n\n\n\n<p>Der Seppel sagt: Ich will jetzt keinen Zank<\/p>\n\n\n\n<p>Der Nachbar hat ein altes i Phone 8 im Schrank<\/p>\n\n\n\n<p>Der Seppel geht jetzt schnell zu seiner Bank<\/p>\n\n\n\n<p>befreit das alte I Phone aus Schrank \u00a0<\/p>\n\n\n\n<p>F\u00fcr schlappe 100 Euro ist es geschehen<\/p>\n\n\n\n<p>Der M\u00e4dchen Chat kann weitergehen<\/p>\n\n\n\n<p>Kaum ist die Simcard installiert<\/p>\n\n\n\n<p>Lara den Seelenschmerz gebiert<\/p>\n\n\n\n<p>Laras Ritual ist wirklich eine Qual<\/p>\n\n\n\n<p>Daniela schreibt, sie sei zu fett<\/p>\n\n\n\n<p>Toni meint: Du liegst zu lang im Bett<\/p>\n\n\n\n<p>Gerda schrieb: Die Annalena ist eine bl\u00f6de Kuh<\/p>\n\n\n\n<p>Lara schrieb darauf: Selber bl\u00f6de Kuh<\/p>\n\n\n\n<p>Vor dieser hat sie endlich ihre Ruh<\/p>\n\n\n\n<p>Der Rudi schw\u00e4rmt von Taylor Swift<\/p>\n\n\n\n<p>Die Emma warnt vor Trump und Gift<\/p>\n\n\n\n<p>Beim Heinz geht\u2019s nur um den FCA<\/p>\n\n\n\n<p>Das ist doch alles nur Bla Bla<\/p>\n\n\n\n<p>Aber die Jenny &nbsp;ist jetzt Influencerin<\/p>\n\n\n\n<p>Doch nach einer Vodka Party verga\u00df sie ihre Pin<\/p>\n\n\n\n<p>Sie hat das Ger\u00e4t zur\u00fcckgesetzt und wiederhergestellt<\/p>\n\n\n\n<p>Sie ist und bleibt in dieser Welt ein digitaler Held<\/p>\n\n\n\n<p>Vor allem verdient sie Geld mit ihrem sch\u00f6nen Gsicht<\/p>\n\n\n\n<p>Drei Mal mehr als bei einer Arbeitsschicht<\/p>\n\n\n\n<p>Scheene M\u00e4dle geht\u2019s auf Instagramm<\/p>\n\n\n\n<p>Alles andre isch Plemm Plemm<\/p>\n\n\n\n<p><\/p>\n\n\n\n<p><\/p>\n\n\n\n<p><\/p>\n\n\n\n<p>Der Kevin warf sein wasserdichtes Telefon in den Krug<\/p>\n\n\n\n<p>Oh, je, Zefix, das war aber gar nicht gut<\/p>\n\n\n\n<p>Denn da war statt Wasser Spezi drin<\/p>\n\n\n\n<p>Und das teure St\u00fcck war dahin<\/p>\n","protected":false},"excerpt":{"rendered":"<p>&nbsp;Ein Familiendrama mit &nbsp;Josef Klein, &nbsp;Finanzbeamter, Hauptsekret\u00e4r, im mittleren Dienst und seiner 16 j\u00e4hrigen Stieftochter Lara Seppel Seppel Kauf mir war von Apple Das Chatten ist mein t\u00e4glich Ritual Doch langsam wird es mir zur Qual Jetzt war auch noch der Speicher voll Darauf schrie ich gestern voller Groll Deswegen habe ich auch stark gezittert &hellip; <a href=\"http:\/\/stevefrontera.de\/?p=1336\" class=\"more-link\"><span class=\"screen-reader-text\">Seppel, Seppel<\/span> weiterlesen <span class=\"meta-nav\">&rarr;<\/span><\/a><\/p>\n","protected":false},"author":1,"featured_media":0,"comment_status":"open","ping_status":"open","sticky":false,"template":"","format":"standard","meta":[],"categories":[1],"tags":[],"_links":{"self":[{"href":"http:\/\/stevefrontera.de\/index.php?rest_route=\/wp\/v2\/posts\/1336"}],"collection":[{"href":"http:\/\/stevefrontera.de\/index.php?rest_route=\/wp\/v2\/posts"}],"about":[{"href":"http:\/\/stevefrontera.de\/index.php?rest_route=\/wp\/v2\/types\/post"}],"author":[{"embeddable":true,"href":"http:\/\/stevefrontera.de\/index.php?rest_route=\/wp\/v2\/users\/1"}],"replies":[{"embeddable":true,"href":"http:\/\/stevefrontera.de\/index.php?rest_route=%2Fwp%2Fv2%2Fcomments&post=1336"}],"version-history":[{"count":4,"href":"http:\/\/stevefrontera.de\/index.php?rest_route=\/wp\/v2\/posts\/1336\/revisions"}],"predecessor-version":[{"id":1340,"href":"http:\/\/stevefrontera.de\/index.php?rest_route=\/wp\/v2\/posts\/1336\/revisions\/1340"}],"wp:attachment":[{"href":"http:\/\/stevefrontera.de\/index.php?rest_route=%2Fwp%2Fv2%2Fmedia&parent=1336"}],"wp:term":[{"taxonomy":"category","embeddable":true,"href":"http:\/\/stevefrontera.de\/index.php?rest_route=%2Fwp%2Fv2%2Fcategories&post=1336"},{"taxonomy":"post_tag","embeddable":true,"href":"http:\/\/stevefrontera.de\/index.php?rest_route=%2Fwp%2Fv2%2Ftags&post=1336"}],"curies":[{"name":"wp","href":"https:\/\/api.w.org\/{rel}","templated":true}]}}