{"id":667,"date":"2019-11-08T05:11:15","date_gmt":"2019-11-08T03:11:15","guid":{"rendered":"http:\/\/stevefrontera.de\/?p=667"},"modified":"2019-11-08T05:16:16","modified_gmt":"2019-11-08T03:16:16","slug":"stille-nacht","status":"publish","type":"post","link":"http:\/\/stevefrontera.de\/?p=667","title":{"rendered":"STILLE Nacht"},"content":{"rendered":"<blockquote>\n<p style=\"text-align: left;\">STILLE Nacht unheilige Nacht, alles schl\u00e4ft, Neus\u00e4\u00df pennt, nur der alte Knabe mit grau schwarzem Haar, postet schon wieder im Blog, Augsburg lacht.<\/p>\n<\/blockquote>\n","protected":false},"excerpt":{"rendered":"<p>STILLE Nacht unheilige Nacht, alles schl\u00e4ft, Neus\u00e4\u00df pennt, nur der alte Knabe mit grau schwarzem Haar, postet schon wieder im Blog, Augsburg lacht.<\/p>\n","protected":false},"author":1,"featured_media":0,"comment_status":"open","ping_status":"open","sticky":false,"template":"","format":"standard","meta":[],"categories":[1],"tags":[],"_links":{"self":[{"href":"http:\/\/stevefrontera.de\/index.php?rest_route=\/wp\/v2\/posts\/667"}],"collection":[{"href":"http:\/\/stevefrontera.de\/index.php?rest_route=\/wp\/v2\/posts"}],"about":[{"href":"http:\/\/stevefrontera.de\/index.php?rest_route=\/wp\/v2\/types\/post"}],"author":[{"embeddable":true,"href":"http:\/\/stevefrontera.de\/index.php?rest_route=\/wp\/v2\/users\/1"}],"replies":[{"embeddable":true,"href":"http:\/\/stevefrontera.de\/index.php?rest_route=%2Fwp%2Fv2%2Fcomments&post=667"}],"version-history":[{"count":2,"href":"http:\/\/stevefrontera.de\/index.php?rest_route=\/wp\/v2\/posts\/667\/revisions"}],"predecessor-version":[{"id":669,"href":"http:\/\/stevefrontera.de\/index.php?rest_route=\/wp\/v2\/posts\/667\/revisions\/669"}],"wp:attachment":[{"href":"http:\/\/stevefrontera.de\/index.php?rest_route=%2Fwp%2Fv2%2Fmedia&parent=667"}],"wp:term":[{"taxonomy":"category","embeddable":true,"href":"http:\/\/stevefrontera.de\/index.php?rest_route=%2Fwp%2Fv2%2Fcategories&post=667"},{"taxonomy":"post_tag","embeddable":true,"href":"http:\/\/stevefrontera.de\/index.php?rest_route=%2Fwp%2Fv2%2Ftags&post=667"}],"curies":[{"name":"wp","href":"https:\/\/api.w.org\/{rel}","templated":true}]}}