{"id":682,"date":"2019-11-09T15:38:32","date_gmt":"2019-11-09T13:38:32","guid":{"rendered":"http:\/\/stevefrontera.de\/?p=682"},"modified":"2019-11-09T17:04:32","modified_gmt":"2019-11-09T15:04:32","slug":"682","status":"publish","type":"post","link":"http:\/\/stevefrontera.de\/?p=682","title":{"rendered":"Ein Schnaps auf Peter Handke"},"content":{"rendered":"<p>Jetzt geht mir ein Licht auf, warum Peter Handke das Hochglanzk\u00e4rnten gehasst hat\u00a0 und Serbien geliebt hat. Nach K\u00e4rnten kommen Leute, die sich was &#8222;drauf einbilden&#8220;, wenn sie 500 Euro f\u00fcr ein Luxushotel zahlen und f\u00fcr 200 Euro pro Person speisen.<\/p>\n<p>Der \u00f6sterreichische Faschismus hat Charme und das ist das gef\u00e4hrliche daran. Nur sind sie so bl\u00f6d und fallen auf eine kleine h\u00fcbsche Russin herein. Manchmal gibt es doch noch Gerechtigkeit! Auf die w\u00e4re ich nicht einmal mit 3,0 Promille hereingefallen.<\/p>\n<p>&nbsp;<\/p>\n<p>Dass M\u00e4nner sexuell pervers sind, wissen die meisten. Ich habe ganz selten von Sexualverbrecherinnen gelesen und in diesem seltenen Fall nur, wenn sie mit 13j\u00e4hrigen Buben schlafen, was den Buben wahrscheinlich mehr Spa\u00df macht als der Frau. Da gab es doch mal einen 13j\u00e4hrigen, der mit einer 46j\u00e4hrigen Renata Sex hatte.<\/p>\n<p>Dass es in \u00d6sterreich auch perverse Frauen gibt, daf\u00fcr musste Elfriede Jelinek auf die B\u00fchne der Weltliteratur treten!\u00a0 Katharina die Gro\u00dfe soll auch pervers gewesen sein. Ich frage mich, ob Macht pervers macht. Bei Angela Merkel und Kolinda mit dem komplizieren Namen aus Kroatien, ist mir bisher noch nichts dergleichen aufgefallen.<\/p>\n<p>Italiener und Kroaten k\u00f6nnen Faschismus &#8222;light&#8220; ich bin gespannt, ob in \u00d6sterreich endlich mal ein Faschismus mit 0,1% Prozent wie in der Magermilch heraus kommt.<\/p>\n<p>Das schaffen nicht einmal die Amis. Eine Cola Zero, auf Kolinda.<\/p>\n<p>Es war aber eine gro\u00dfe Unversch\u00e4mtheit, sie bei der WM 2018 als Alkoholinda zu bezeichnen.<\/p>\n<p>Als sparsamer Schwabe, spare ich mir ab und zu ein Komma. Wenn das alle machen w\u00fcrden, m\u00fcssten wir uns auf Facebook weniger Werbung ansehen.<\/p>\n<p>&nbsp;<\/p>\n<p>&nbsp;<\/p>\n<p>&nbsp;<\/p>\n","protected":false},"excerpt":{"rendered":"<p>Jetzt geht mir ein Licht auf, warum Peter Handke das Hochglanzk\u00e4rnten gehasst hat\u00a0 und Serbien geliebt hat. Nach K\u00e4rnten kommen Leute, die sich was &#8222;drauf einbilden&#8220;, wenn sie 500 Euro f\u00fcr ein Luxushotel zahlen und f\u00fcr 200 Euro pro Person speisen. Der \u00f6sterreichische Faschismus hat Charme und das ist das gef\u00e4hrliche daran. Nur sind sie &hellip; <a href=\"http:\/\/stevefrontera.de\/?p=682\" class=\"more-link\"><span class=\"screen-reader-text\">Ein Schnaps auf Peter Handke<\/span> weiterlesen <span class=\"meta-nav\">&rarr;<\/span><\/a><\/p>\n","protected":false},"author":1,"featured_media":0,"comment_status":"open","ping_status":"open","sticky":false,"template":"","format":"standard","meta":[],"categories":[1],"tags":[],"_links":{"self":[{"href":"http:\/\/stevefrontera.de\/index.php?rest_route=\/wp\/v2\/posts\/682"}],"collection":[{"href":"http:\/\/stevefrontera.de\/index.php?rest_route=\/wp\/v2\/posts"}],"about":[{"href":"http:\/\/stevefrontera.de\/index.php?rest_route=\/wp\/v2\/types\/post"}],"author":[{"embeddable":true,"href":"http:\/\/stevefrontera.de\/index.php?rest_route=\/wp\/v2\/users\/1"}],"replies":[{"embeddable":true,"href":"http:\/\/stevefrontera.de\/index.php?rest_route=%2Fwp%2Fv2%2Fcomments&post=682"}],"version-history":[{"count":10,"href":"http:\/\/stevefrontera.de\/index.php?rest_route=\/wp\/v2\/posts\/682\/revisions"}],"predecessor-version":[{"id":692,"href":"http:\/\/stevefrontera.de\/index.php?rest_route=\/wp\/v2\/posts\/682\/revisions\/692"}],"wp:attachment":[{"href":"http:\/\/stevefrontera.de\/index.php?rest_route=%2Fwp%2Fv2%2Fmedia&parent=682"}],"wp:term":[{"taxonomy":"category","embeddable":true,"href":"http:\/\/stevefrontera.de\/index.php?rest_route=%2Fwp%2Fv2%2Fcategories&post=682"},{"taxonomy":"post_tag","embeddable":true,"href":"http:\/\/stevefrontera.de\/index.php?rest_route=%2Fwp%2Fv2%2Ftags&post=682"}],"curies":[{"name":"wp","href":"https:\/\/api.w.org\/{rel}","templated":true}]}}