{"id":715,"date":"2019-11-16T18:06:51","date_gmt":"2019-11-16T16:06:51","guid":{"rendered":"http:\/\/stevefrontera.de\/?p=715"},"modified":"2019-11-21T05:37:57","modified_gmt":"2019-11-21T03:37:57","slug":"lsd-linker-spruch-des-tages","status":"publish","type":"post","link":"http:\/\/stevefrontera.de\/?p=715","title":{"rendered":"LSD Linker Spruch des Tages"},"content":{"rendered":"<p>Revolution, nein Danke.<\/p>\n<p>Ich bin so froh, dass die Augsburger Marktfrauen, fr\u00fcher sagte man Marktweiber, keinen Anlass finden, die JVA Gablingen zu st\u00fcrmen wie anno 1789 die Bastille in Paris.<\/p>\n<p>Nein, es waren nicht die Marktweiber, die die Bastille gest\u00fcrmt haben, sie marschierten nach Versailles.<\/p>\n","protected":false},"excerpt":{"rendered":"<p>Revolution, nein Danke. Ich bin so froh, dass die Augsburger Marktfrauen, fr\u00fcher sagte man Marktweiber, keinen Anlass finden, die JVA Gablingen zu st\u00fcrmen wie anno 1789 die Bastille in Paris. Nein, es waren nicht die Marktweiber, die die Bastille gest\u00fcrmt haben, sie marschierten nach Versailles.<\/p>\n","protected":false},"author":1,"featured_media":0,"comment_status":"open","ping_status":"open","sticky":false,"template":"","format":"standard","meta":[],"categories":[1],"tags":[],"_links":{"self":[{"href":"http:\/\/stevefrontera.de\/index.php?rest_route=\/wp\/v2\/posts\/715"}],"collection":[{"href":"http:\/\/stevefrontera.de\/index.php?rest_route=\/wp\/v2\/posts"}],"about":[{"href":"http:\/\/stevefrontera.de\/index.php?rest_route=\/wp\/v2\/types\/post"}],"author":[{"embeddable":true,"href":"http:\/\/stevefrontera.de\/index.php?rest_route=\/wp\/v2\/users\/1"}],"replies":[{"embeddable":true,"href":"http:\/\/stevefrontera.de\/index.php?rest_route=%2Fwp%2Fv2%2Fcomments&post=715"}],"version-history":[{"count":4,"href":"http:\/\/stevefrontera.de\/index.php?rest_route=\/wp\/v2\/posts\/715\/revisions"}],"predecessor-version":[{"id":719,"href":"http:\/\/stevefrontera.de\/index.php?rest_route=\/wp\/v2\/posts\/715\/revisions\/719"}],"wp:attachment":[{"href":"http:\/\/stevefrontera.de\/index.php?rest_route=%2Fwp%2Fv2%2Fmedia&parent=715"}],"wp:term":[{"taxonomy":"category","embeddable":true,"href":"http:\/\/stevefrontera.de\/index.php?rest_route=%2Fwp%2Fv2%2Fcategories&post=715"},{"taxonomy":"post_tag","embeddable":true,"href":"http:\/\/stevefrontera.de\/index.php?rest_route=%2Fwp%2Fv2%2Ftags&post=715"}],"curies":[{"name":"wp","href":"https:\/\/api.w.org\/{rel}","templated":true}]}}