{"id":721,"date":"2019-11-22T10:12:24","date_gmt":"2019-11-22T08:12:24","guid":{"rendered":"http:\/\/stevefrontera.de\/?p=721"},"modified":"2019-11-22T10:18:46","modified_gmt":"2019-11-22T08:18:46","slug":"eine-kindheit-in-freiheit-und-frieden-mit-helmut-kohl-in-europa","status":"publish","type":"post","link":"http:\/\/stevefrontera.de\/?p=721","title":{"rendered":"Eine Kindheit in Freiheit und Frieden mit Helmut Kohl in Europa"},"content":{"rendered":"<p>Kohl h\u00f6ren, Kohl sehen, Kohl denken und f\u00fchlen<\/p>\n<p>Kohl essen, Kohl schei\u00dfen, manchmal Kohl kotzen<\/p>\n<p>Was w\u00e4re Deutschland ohne Kohl<\/p>\n<p>Schon Heinrich Heine hat vom deutschen Kohl geschw\u00e4rmt<\/p>\n<p>Heinrich Heine, HH, Ha Ha, aber bitte nicht Heil Hitler,<\/p>\n<p>Schon lieber Hansestadt Hamburg mit Helmut Schmidt<\/p>\n<p>Es gibt Alternativen zu Kohl, aber bitte nicht die AfD<\/p>\n<p>Vor allem bei Verstopfung gibt viele Alternativen zu Kohl<\/p>\n<p>Auberginen, Zucchini, R\u00fcben, Brokkoli und Sellerie<\/p>\n<p>Europa leidet unter Verstopfung<\/p>\n<p>Wir brauchen wieder mehr Kohl<\/p>\n<p>Dazu Lambrusco mit Berlusconi<\/p>\n<p>und ein Mittagessen mit Mitterand<\/p>\n<p>&nbsp;<\/p>\n<p>&nbsp;<\/p>\n<p>&nbsp;<\/p>\n","protected":false},"excerpt":{"rendered":"<p>Kohl h\u00f6ren, Kohl sehen, Kohl denken und f\u00fchlen Kohl essen, Kohl schei\u00dfen, manchmal Kohl kotzen Was w\u00e4re Deutschland ohne Kohl Schon Heinrich Heine hat vom deutschen Kohl geschw\u00e4rmt Heinrich Heine, HH, Ha Ha, aber bitte nicht Heil Hitler, Schon lieber Hansestadt Hamburg mit Helmut Schmidt Es gibt Alternativen zu Kohl, aber bitte nicht die AfD &hellip; <a href=\"http:\/\/stevefrontera.de\/?p=721\" class=\"more-link\"><span class=\"screen-reader-text\">Eine Kindheit in Freiheit und Frieden mit Helmut Kohl in Europa<\/span> weiterlesen <span class=\"meta-nav\">&rarr;<\/span><\/a><\/p>\n","protected":false},"author":1,"featured_media":0,"comment_status":"open","ping_status":"open","sticky":false,"template":"","format":"standard","meta":[],"categories":[1],"tags":[],"_links":{"self":[{"href":"http:\/\/stevefrontera.de\/index.php?rest_route=\/wp\/v2\/posts\/721"}],"collection":[{"href":"http:\/\/stevefrontera.de\/index.php?rest_route=\/wp\/v2\/posts"}],"about":[{"href":"http:\/\/stevefrontera.de\/index.php?rest_route=\/wp\/v2\/types\/post"}],"author":[{"embeddable":true,"href":"http:\/\/stevefrontera.de\/index.php?rest_route=\/wp\/v2\/users\/1"}],"replies":[{"embeddable":true,"href":"http:\/\/stevefrontera.de\/index.php?rest_route=%2Fwp%2Fv2%2Fcomments&post=721"}],"version-history":[{"count":3,"href":"http:\/\/stevefrontera.de\/index.php?rest_route=\/wp\/v2\/posts\/721\/revisions"}],"predecessor-version":[{"id":724,"href":"http:\/\/stevefrontera.de\/index.php?rest_route=\/wp\/v2\/posts\/721\/revisions\/724"}],"wp:attachment":[{"href":"http:\/\/stevefrontera.de\/index.php?rest_route=%2Fwp%2Fv2%2Fmedia&parent=721"}],"wp:term":[{"taxonomy":"category","embeddable":true,"href":"http:\/\/stevefrontera.de\/index.php?rest_route=%2Fwp%2Fv2%2Fcategories&post=721"},{"taxonomy":"post_tag","embeddable":true,"href":"http:\/\/stevefrontera.de\/index.php?rest_route=%2Fwp%2Fv2%2Ftags&post=721"}],"curies":[{"name":"wp","href":"https:\/\/api.w.org\/{rel}","templated":true}]}}