{"id":792,"date":"2020-05-26T16:22:00","date_gmt":"2020-05-26T14:22:00","guid":{"rendered":"http:\/\/stevefrontera.de\/?p=792"},"modified":"2020-05-26T16:46:38","modified_gmt":"2020-05-26T14:46:38","slug":"frage-an-radio-eriwan-2","status":"publish","type":"post","link":"http:\/\/stevefrontera.de\/?p=792","title":{"rendered":"Frage an Radio Eriwan"},"content":{"rendered":"<p>Kann ich es mit meinem Gewissen vereinbaren, Andi Scheuer cool zu finden?<\/p>\n<p>Im Prinzip ja, vor allem nach f\u00fcnf Mass Bier auf dem Oktoberfest, dann bin ich sowieso fahrunt\u00fcchtig und es mir total egal ist, ob die Bahn Versp\u00e4tung hat.<\/p>\n","protected":false},"excerpt":{"rendered":"<p>Kann ich es mit meinem Gewissen vereinbaren, Andi Scheuer cool zu finden? Im Prinzip ja, vor allem nach f\u00fcnf Mass Bier auf dem Oktoberfest, dann bin ich sowieso fahrunt\u00fcchtig und es mir total egal ist, ob die Bahn Versp\u00e4tung hat.<\/p>\n","protected":false},"author":1,"featured_media":0,"comment_status":"open","ping_status":"open","sticky":false,"template":"","format":"standard","meta":[],"categories":[1],"tags":[],"_links":{"self":[{"href":"http:\/\/stevefrontera.de\/index.php?rest_route=\/wp\/v2\/posts\/792"}],"collection":[{"href":"http:\/\/stevefrontera.de\/index.php?rest_route=\/wp\/v2\/posts"}],"about":[{"href":"http:\/\/stevefrontera.de\/index.php?rest_route=\/wp\/v2\/types\/post"}],"author":[{"embeddable":true,"href":"http:\/\/stevefrontera.de\/index.php?rest_route=\/wp\/v2\/users\/1"}],"replies":[{"embeddable":true,"href":"http:\/\/stevefrontera.de\/index.php?rest_route=%2Fwp%2Fv2%2Fcomments&post=792"}],"version-history":[{"count":2,"href":"http:\/\/stevefrontera.de\/index.php?rest_route=\/wp\/v2\/posts\/792\/revisions"}],"predecessor-version":[{"id":797,"href":"http:\/\/stevefrontera.de\/index.php?rest_route=\/wp\/v2\/posts\/792\/revisions\/797"}],"wp:attachment":[{"href":"http:\/\/stevefrontera.de\/index.php?rest_route=%2Fwp%2Fv2%2Fmedia&parent=792"}],"wp:term":[{"taxonomy":"category","embeddable":true,"href":"http:\/\/stevefrontera.de\/index.php?rest_route=%2Fwp%2Fv2%2Fcategories&post=792"},{"taxonomy":"post_tag","embeddable":true,"href":"http:\/\/stevefrontera.de\/index.php?rest_route=%2Fwp%2Fv2%2Ftags&post=792"}],"curies":[{"name":"wp","href":"https:\/\/api.w.org\/{rel}","templated":true}]}}