{"id":848,"date":"2020-09-20T22:35:06","date_gmt":"2020-09-20T20:35:06","guid":{"rendered":"http:\/\/stevefrontera.de\/?p=848"},"modified":"2020-09-20T22:39:04","modified_gmt":"2020-09-20T20:39:04","slug":"spruch-des-tages-15","status":"publish","type":"post","link":"http:\/\/stevefrontera.de\/?p=848","title":{"rendered":"Spruch des Tages"},"content":{"rendered":"<p>Manchmal verst\u00e4rkt das Vorhanden sein von Ordnung und Sauberkeit die innere Leere. Die Deutschen sind verliebt in Regeln, die strikt ausgelegt werden. Leider versto\u00dfen die vielen Regeln oft gegen pers\u00f6nliche Bed\u00fcrfnisse und Ansichten, was dann zu \u00dcbellaunigkeit f\u00fchrt.<\/p>\n","protected":false},"excerpt":{"rendered":"<p>Manchmal verst\u00e4rkt das Vorhanden sein von Ordnung und Sauberkeit die innere Leere. Die Deutschen sind verliebt in Regeln, die strikt ausgelegt werden. Leider versto\u00dfen die vielen Regeln oft gegen pers\u00f6nliche Bed\u00fcrfnisse und Ansichten, was dann zu \u00dcbellaunigkeit f\u00fchrt.<\/p>\n","protected":false},"author":1,"featured_media":0,"comment_status":"open","ping_status":"open","sticky":false,"template":"","format":"standard","meta":[],"categories":[1],"tags":[],"_links":{"self":[{"href":"http:\/\/stevefrontera.de\/index.php?rest_route=\/wp\/v2\/posts\/848"}],"collection":[{"href":"http:\/\/stevefrontera.de\/index.php?rest_route=\/wp\/v2\/posts"}],"about":[{"href":"http:\/\/stevefrontera.de\/index.php?rest_route=\/wp\/v2\/types\/post"}],"author":[{"embeddable":true,"href":"http:\/\/stevefrontera.de\/index.php?rest_route=\/wp\/v2\/users\/1"}],"replies":[{"embeddable":true,"href":"http:\/\/stevefrontera.de\/index.php?rest_route=%2Fwp%2Fv2%2Fcomments&post=848"}],"version-history":[{"count":4,"href":"http:\/\/stevefrontera.de\/index.php?rest_route=\/wp\/v2\/posts\/848\/revisions"}],"predecessor-version":[{"id":852,"href":"http:\/\/stevefrontera.de\/index.php?rest_route=\/wp\/v2\/posts\/848\/revisions\/852"}],"wp:attachment":[{"href":"http:\/\/stevefrontera.de\/index.php?rest_route=%2Fwp%2Fv2%2Fmedia&parent=848"}],"wp:term":[{"taxonomy":"category","embeddable":true,"href":"http:\/\/stevefrontera.de\/index.php?rest_route=%2Fwp%2Fv2%2Fcategories&post=848"},{"taxonomy":"post_tag","embeddable":true,"href":"http:\/\/stevefrontera.de\/index.php?rest_route=%2Fwp%2Fv2%2Ftags&post=848"}],"curies":[{"name":"wp","href":"https:\/\/api.w.org\/{rel}","templated":true}]}}