{"id":905,"date":"2021-02-16T17:27:10","date_gmt":"2021-02-16T15:27:10","guid":{"rendered":"http:\/\/stevefrontera.de\/?p=905"},"modified":"2021-02-16T17:27:10","modified_gmt":"2021-02-16T15:27:10","slug":"olaf","status":"publish","type":"post","link":"http:\/\/stevefrontera.de\/?p=905","title":{"rendered":"Olaf"},"content":{"rendered":"<p>Olaf Scholz stellt kein Schattenkabinett auf. Vern\u00fcnftig!! Die Wahrscheinlichkeit, dass er Kanzler wird, ist so gro\u00df wie dass ich die US Open im Golf gewinne. Da er\u00fcbrigt sich die Tatsache, ob ich mir die Golftasche von Bernhard Langer oder von Luke Donald tragen lasse.<\/p>\n<p>&nbsp;<\/p>\n","protected":false},"excerpt":{"rendered":"<p>Olaf Scholz stellt kein Schattenkabinett auf. Vern\u00fcnftig!! Die Wahrscheinlichkeit, dass er Kanzler wird, ist so gro\u00df wie dass ich die US Open im Golf gewinne. Da er\u00fcbrigt sich die Tatsache, ob ich mir die Golftasche von Bernhard Langer oder von Luke Donald tragen lasse. &nbsp;<\/p>\n","protected":false},"author":1,"featured_media":0,"comment_status":"open","ping_status":"open","sticky":false,"template":"","format":"standard","meta":[],"categories":[1],"tags":[],"_links":{"self":[{"href":"http:\/\/stevefrontera.de\/index.php?rest_route=\/wp\/v2\/posts\/905"}],"collection":[{"href":"http:\/\/stevefrontera.de\/index.php?rest_route=\/wp\/v2\/posts"}],"about":[{"href":"http:\/\/stevefrontera.de\/index.php?rest_route=\/wp\/v2\/types\/post"}],"author":[{"embeddable":true,"href":"http:\/\/stevefrontera.de\/index.php?rest_route=\/wp\/v2\/users\/1"}],"replies":[{"embeddable":true,"href":"http:\/\/stevefrontera.de\/index.php?rest_route=%2Fwp%2Fv2%2Fcomments&post=905"}],"version-history":[{"count":1,"href":"http:\/\/stevefrontera.de\/index.php?rest_route=\/wp\/v2\/posts\/905\/revisions"}],"predecessor-version":[{"id":906,"href":"http:\/\/stevefrontera.de\/index.php?rest_route=\/wp\/v2\/posts\/905\/revisions\/906"}],"wp:attachment":[{"href":"http:\/\/stevefrontera.de\/index.php?rest_route=%2Fwp%2Fv2%2Fmedia&parent=905"}],"wp:term":[{"taxonomy":"category","embeddable":true,"href":"http:\/\/stevefrontera.de\/index.php?rest_route=%2Fwp%2Fv2%2Fcategories&post=905"},{"taxonomy":"post_tag","embeddable":true,"href":"http:\/\/stevefrontera.de\/index.php?rest_route=%2Fwp%2Fv2%2Ftags&post=905"}],"curies":[{"name":"wp","href":"https:\/\/api.w.org\/{rel}","templated":true}]}}