{"id":910,"date":"2021-03-26T21:02:44","date_gmt":"2021-03-26T19:02:44","guid":{"rendered":"http:\/\/stevefrontera.de\/?p=910"},"modified":"2021-03-27T18:05:36","modified_gmt":"2021-03-27T16:05:36","slug":"spruch-des-tages-18","status":"publish","type":"post","link":"http:\/\/stevefrontera.de\/?p=910","title":{"rendered":"Spruch des Tages"},"content":{"rendered":"<p>Wer als Kind in Unfreiheit aufgewachsen ist und sich wie ein Bettler f\u00fchlen musste, wenn es etwas wollte, der wird als Erwachsener auch die Rolle des Bettlers \u00fcbernehmen. Lebensk\u00fcnstler ist derjenige, der sich f\u00fcr die Bettlerrolle nicht sch\u00e4mt.<\/p>\n","protected":false},"excerpt":{"rendered":"<p>Wer als Kind in Unfreiheit aufgewachsen ist und sich wie ein Bettler f\u00fchlen musste, wenn es etwas wollte, der wird als Erwachsener auch die Rolle des Bettlers \u00fcbernehmen. Lebensk\u00fcnstler ist derjenige, der sich f\u00fcr die Bettlerrolle nicht sch\u00e4mt.<\/p>\n","protected":false},"author":1,"featured_media":0,"comment_status":"open","ping_status":"open","sticky":false,"template":"","format":"standard","meta":[],"categories":[1],"tags":[],"_links":{"self":[{"href":"http:\/\/stevefrontera.de\/index.php?rest_route=\/wp\/v2\/posts\/910"}],"collection":[{"href":"http:\/\/stevefrontera.de\/index.php?rest_route=\/wp\/v2\/posts"}],"about":[{"href":"http:\/\/stevefrontera.de\/index.php?rest_route=\/wp\/v2\/types\/post"}],"author":[{"embeddable":true,"href":"http:\/\/stevefrontera.de\/index.php?rest_route=\/wp\/v2\/users\/1"}],"replies":[{"embeddable":true,"href":"http:\/\/stevefrontera.de\/index.php?rest_route=%2Fwp%2Fv2%2Fcomments&post=910"}],"version-history":[{"count":3,"href":"http:\/\/stevefrontera.de\/index.php?rest_route=\/wp\/v2\/posts\/910\/revisions"}],"predecessor-version":[{"id":914,"href":"http:\/\/stevefrontera.de\/index.php?rest_route=\/wp\/v2\/posts\/910\/revisions\/914"}],"wp:attachment":[{"href":"http:\/\/stevefrontera.de\/index.php?rest_route=%2Fwp%2Fv2%2Fmedia&parent=910"}],"wp:term":[{"taxonomy":"category","embeddable":true,"href":"http:\/\/stevefrontera.de\/index.php?rest_route=%2Fwp%2Fv2%2Fcategories&post=910"},{"taxonomy":"post_tag","embeddable":true,"href":"http:\/\/stevefrontera.de\/index.php?rest_route=%2Fwp%2Fv2%2Ftags&post=910"}],"curies":[{"name":"wp","href":"https:\/\/api.w.org\/{rel}","templated":true}]}}