{"id":956,"date":"2021-06-09T15:59:52","date_gmt":"2021-06-09T13:59:52","guid":{"rendered":"http:\/\/stevefrontera.de\/?p=956"},"modified":"2021-06-09T16:07:12","modified_gmt":"2021-06-09T14:07:12","slug":"956","status":"publish","type":"post","link":"http:\/\/stevefrontera.de\/?p=956","title":{"rendered":"Die Schwaben"},"content":{"rendered":"<p>Ich mache hier nie Witze \u00fcber Juden und Muslime, viel lieber \u00fcber Schwaben. Der Charakter der Schwaben ist\u00a0 f\u00fcr mich wie ein riesiges Kornfeld, um das ganz abernten zu k\u00f6nnen braucht man einen Traktor von Fendt. Ich kann mir den als Krattler auch nicht leisten, au\u00dferdem hat den Mathias Richling gerade gepachtet.<\/p>\n","protected":false},"excerpt":{"rendered":"<p>Ich mache hier nie Witze \u00fcber Juden und Muslime, viel lieber \u00fcber Schwaben. Der Charakter der Schwaben ist\u00a0 f\u00fcr mich wie ein riesiges Kornfeld, um das ganz abernten zu k\u00f6nnen braucht man einen Traktor von Fendt. Ich kann mir den als Krattler auch nicht leisten, au\u00dferdem hat den Mathias Richling gerade gepachtet.<\/p>\n","protected":false},"author":1,"featured_media":0,"comment_status":"open","ping_status":"open","sticky":false,"template":"","format":"standard","meta":[],"categories":[1],"tags":[],"_links":{"self":[{"href":"http:\/\/stevefrontera.de\/index.php?rest_route=\/wp\/v2\/posts\/956"}],"collection":[{"href":"http:\/\/stevefrontera.de\/index.php?rest_route=\/wp\/v2\/posts"}],"about":[{"href":"http:\/\/stevefrontera.de\/index.php?rest_route=\/wp\/v2\/types\/post"}],"author":[{"embeddable":true,"href":"http:\/\/stevefrontera.de\/index.php?rest_route=\/wp\/v2\/users\/1"}],"replies":[{"embeddable":true,"href":"http:\/\/stevefrontera.de\/index.php?rest_route=%2Fwp%2Fv2%2Fcomments&post=956"}],"version-history":[{"count":3,"href":"http:\/\/stevefrontera.de\/index.php?rest_route=\/wp\/v2\/posts\/956\/revisions"}],"predecessor-version":[{"id":960,"href":"http:\/\/stevefrontera.de\/index.php?rest_route=\/wp\/v2\/posts\/956\/revisions\/960"}],"wp:attachment":[{"href":"http:\/\/stevefrontera.de\/index.php?rest_route=%2Fwp%2Fv2%2Fmedia&parent=956"}],"wp:term":[{"taxonomy":"category","embeddable":true,"href":"http:\/\/stevefrontera.de\/index.php?rest_route=%2Fwp%2Fv2%2Fcategories&post=956"},{"taxonomy":"post_tag","embeddable":true,"href":"http:\/\/stevefrontera.de\/index.php?rest_route=%2Fwp%2Fv2%2Ftags&post=956"}],"curies":[{"name":"wp","href":"https:\/\/api.w.org\/{rel}","templated":true}]}}